{"id":6861,"date":"2019-10-03T06:45:09","date_gmt":"2019-10-03T14:45:09","guid":{"rendered":"http:\/\/gql.fus.mybluehost.me\/en\/?p=1076"},"modified":"2021-06-03T22:48:04","modified_gmt":"2021-06-04T04:48:04","slug":"patient-regains-strength-and-mobility-in-the-legs","status":"publish","type":"post","link":"https:\/\/neuroft.com\/en\/patient-regains-strength-and-mobility-in-the-legs\/","title":{"rendered":"Patient regains strength and mobility in the legs"},"content":{"rendered":"\r\n<figure class=\"wp-block-image\"><img class=\"wp-image-1077\" src=\"https:\/\/neuroft.com\/en\/wp-content\/uploads\/WhatsApp-Image-2019-10-02-at-4.25.06-PM-1024x768.jpeg\" alt=\"\" \/><\/figure>\r\n\r\n\r\n\r\n<p>We share with you the comment of our patient: Due to a metabolic deficiency, my vitamin D levels were lowered, which caused my legs to practically lose my strength, to the point that it was almost impossible for me to climb only one step or walk 50 meters without help and other functions of The legs that were lost. I was blessed to arrive at the NeuroFT Clinic, where Dr. Lisa Riggione gave me an assessment and today after eight therapy sessions, I can say that I have already recovered 70\/100 of the leg functions. I would like to thank Dr. Riggioni for her professional treatment and human quality and especially the Licensed Gabriela Campos Montero, for her professional treatment and human quality, who during these eight sessions has achieved this remarkable recovery. I recommend this Clinic for the professional and human treatment they provide to their patients and the excellent customer service, starting with their receptionist Ms. Lizeth, who always receives one cordially and Dr. Rggioni and La Licea. Gabriela Campos May God bless you.<\/p>\r\n","protected":false},"excerpt":{"rendered":"<p>We share with you the comment of our patient: Due to a metabolic deficiency, my vitamin D levels were lowered, which  [&#8230;]<\/p>\n","protected":false},"author":1,"featured_media":7502,"comment_status":"closed","ping_status":"open","sticky":false,"template":"","format":"standard","meta":[],"categories":[561,548],"tags":[798,818,823,934],"yoast_head":"<!-- This site is optimized with the Yoast SEO plugin v16.8 - https:\/\/yoast.com\/wordpress\/plugins\/seo\/ -->\n<title>Patient regains strength and mobility in the legs - Terapia F\u00edsica Costa Rica y Rehabilitaci\u00f3n Neurol\u00f3gica - Dra. Lisa Riggioni<\/title>\n<meta name=\"robots\" content=\"index, follow, max-snippet:-1, max-image-preview:large, max-video-preview:-1\" \/>\n<link rel=\"canonical\" href=\"https:\/\/neuroft.com\/en\/patient-regains-strength-and-mobility-in-the-legs\/\" \/>\n<meta property=\"og:locale\" content=\"en_US\" \/>\n<meta property=\"og:type\" content=\"article\" \/>\n<meta property=\"og:title\" content=\"Patient regains strength and mobility in the legs - Terapia F\u00edsica Costa Rica y Rehabilitaci\u00f3n Neurol\u00f3gica - Dra. Lisa Riggioni\" \/>\n<meta property=\"og:description\" content=\"We share with you the comment of our patient: Due to a metabolic deficiency, my vitamin D levels were lowered, which [...]\" \/>\n<meta property=\"og:url\" content=\"https:\/\/neuroft.com\/en\/patient-regains-strength-and-mobility-in-the-legs\/\" \/>\n<meta property=\"og:site_name\" content=\"Terapia F\u00edsica Costa Rica y Rehabilitaci\u00f3n Neurol\u00f3gica - Dra. Lisa Riggioni\" \/>\n<meta property=\"article:publisher\" content=\"https:\/\/www.facebook.com\/NeuroFT\/\" \/>\n<meta property=\"article:published_time\" content=\"2019-10-03T14:45:09+00:00\" \/>\n<meta property=\"article:modified_time\" content=\"2021-06-04T04:48:04+00:00\" \/>\n<meta property=\"og:image\" content=\"http:\/\/gql.fus.mybluehost.me\/wp-content\/uploads\/male-physiotherapist-checking-woman-s-knee-mobility_23-2148780733.jpg\" \/>\n\t<meta property=\"og:image:width\" content=\"626\" \/>\n\t<meta property=\"og:image:height\" content=\"417\" \/>\n<meta name=\"twitter:card\" content=\"summary_large_image\" \/>\n<script type=\"application\/ld+json\" class=\"yoast-schema-graph\">{\"@context\":\"https:\/\/schema.org\",\"@graph\":[{\"@type\":\"WebSite\",\"@id\":\"http:\/\/gql.fus.mybluehost.me\/#website\",\"url\":\"http:\/\/gql.fus.mybluehost.me\/\",\"name\":\"Terapia F\\u00edsica Costa Rica y Rehabilitaci\\u00f3n Neurol\\u00f3gica - Dra. Lisa Riggioni\",\"description\":\"NeuroFT\",\"potentialAction\":[{\"@type\":\"SearchAction\",\"target\":{\"@type\":\"EntryPoint\",\"urlTemplate\":\"http:\/\/gql.fus.mybluehost.me\/?s={search_term_string}\"},\"query-input\":\"required name=search_term_string\"}],\"inLanguage\":\"en-US\"},{\"@type\":\"ImageObject\",\"@id\":\"https:\/\/neuroft.com\/en\/patient-regains-strength-and-mobility-in-the-legs\/#primaryimage\",\"inLanguage\":\"en-US\",\"url\":\"https:\/\/neuroft.com\/wp-content\/uploads\/male-physiotherapist-checking-woman-s-knee-mobility_23-2148780733.jpg\",\"contentUrl\":\"https:\/\/neuroft.com\/wp-content\/uploads\/male-physiotherapist-checking-woman-s-knee-mobility_23-2148780733.jpg\",\"width\":626,\"height\":417},{\"@type\":\"WebPage\",\"@id\":\"https:\/\/neuroft.com\/en\/patient-regains-strength-and-mobility-in-the-legs\/#webpage\",\"url\":\"https:\/\/neuroft.com\/en\/patient-regains-strength-and-mobility-in-the-legs\/\",\"name\":\"Patient regains strength and mobility in the legs - Terapia F\\u00edsica Costa Rica y Rehabilitaci\\u00f3n Neurol\\u00f3gica - Dra. Lisa Riggioni\",\"isPartOf\":{\"@id\":\"http:\/\/gql.fus.mybluehost.me\/#website\"},\"primaryImageOfPage\":{\"@id\":\"https:\/\/neuroft.com\/en\/patient-regains-strength-and-mobility-in-the-legs\/#primaryimage\"},\"datePublished\":\"2019-10-03T14:45:09+00:00\",\"dateModified\":\"2021-06-04T04:48:04+00:00\",\"author\":{\"@id\":\"http:\/\/gql.fus.mybluehost.me\/#\/schema\/person\/46927380553212f033956c5b243704d7\"},\"breadcrumb\":{\"@id\":\"https:\/\/neuroft.com\/en\/patient-regains-strength-and-mobility-in-the-legs\/#breadcrumb\"},\"inLanguage\":\"en-US\",\"potentialAction\":[{\"@type\":\"ReadAction\",\"target\":[\"https:\/\/neuroft.com\/en\/patient-regains-strength-and-mobility-in-the-legs\/\"]}]},{\"@type\":\"BreadcrumbList\",\"@id\":\"https:\/\/neuroft.com\/en\/patient-regains-strength-and-mobility-in-the-legs\/#breadcrumb\",\"itemListElement\":[{\"@type\":\"ListItem\",\"position\":1,\"name\":\"Portada\",\"item\":\"http:\/\/gql.fus.mybluehost.me\/en\/\"},{\"@type\":\"ListItem\",\"position\":2,\"name\":\"Patient regains strength and mobility in the legs\"}]},{\"@type\":\"Person\",\"@id\":\"http:\/\/gql.fus.mybluehost.me\/#\/schema\/person\/46927380553212f033956c5b243704d7\",\"name\":\"neuroftc\",\"image\":{\"@type\":\"ImageObject\",\"@id\":\"http:\/\/gql.fus.mybluehost.me\/#personlogo\",\"inLanguage\":\"en-US\",\"url\":\"https:\/\/secure.gravatar.com\/avatar\/a7cd138a218530522447756e2cc62593?s=96&d=mm&r=g\",\"contentUrl\":\"https:\/\/secure.gravatar.com\/avatar\/a7cd138a218530522447756e2cc62593?s=96&d=mm&r=g\",\"caption\":\"neuroftc\"},\"url\":\"https:\/\/neuroft.com\/en\/author\/admin\/\"}]}<\/script>\n<!-- \/ Yoast SEO plugin. -->","yoast_head_json":{"title":"Patient regains strength and mobility in the legs - Terapia F\u00edsica Costa Rica y Rehabilitaci\u00f3n Neurol\u00f3gica - Dra. Lisa Riggioni","robots":{"index":"index","follow":"follow","max-snippet":"max-snippet:-1","max-image-preview":"max-image-preview:large","max-video-preview":"max-video-preview:-1"},"canonical":"https:\/\/neuroft.com\/en\/patient-regains-strength-and-mobility-in-the-legs\/","og_locale":"en_US","og_type":"article","og_title":"Patient regains strength and mobility in the legs - Terapia F\u00edsica Costa Rica y Rehabilitaci\u00f3n Neurol\u00f3gica - Dra. Lisa Riggioni","og_description":"We share with you the comment of our patient: Due to a metabolic deficiency, my vitamin D levels were lowered, which [...]","og_url":"https:\/\/neuroft.com\/en\/patient-regains-strength-and-mobility-in-the-legs\/","og_site_name":"Terapia F\u00edsica Costa Rica y Rehabilitaci\u00f3n Neurol\u00f3gica - Dra. Lisa Riggioni","article_publisher":"https:\/\/www.facebook.com\/NeuroFT\/","article_published_time":"2019-10-03T14:45:09+00:00","article_modified_time":"2021-06-04T04:48:04+00:00","og_image":[{"width":626,"height":417,"url":"http:\/\/gql.fus.mybluehost.me\/wp-content\/uploads\/male-physiotherapist-checking-woman-s-knee-mobility_23-2148780733.jpg","path":"\/home2\/gqlfusmy\/public_html\/wp-content\/uploads\/male-physiotherapist-checking-woman-s-knee-mobility_23-2148780733.jpg","size":"full","id":7502,"alt":"","pixels":261042,"type":"image\/jpeg"}],"twitter_card":"summary_large_image","schema":{"@context":"https:\/\/schema.org","@graph":[{"@type":"WebSite","@id":"http:\/\/gql.fus.mybluehost.me\/#website","url":"http:\/\/gql.fus.mybluehost.me\/","name":"Terapia F\u00edsica Costa Rica y Rehabilitaci\u00f3n Neurol\u00f3gica - Dra. Lisa Riggioni","description":"NeuroFT","potentialAction":[{"@type":"SearchAction","target":{"@type":"EntryPoint","urlTemplate":"http:\/\/gql.fus.mybluehost.me\/?s={search_term_string}"},"query-input":"required name=search_term_string"}],"inLanguage":"en-US"},{"@type":"ImageObject","@id":"https:\/\/neuroft.com\/en\/patient-regains-strength-and-mobility-in-the-legs\/#primaryimage","inLanguage":"en-US","url":"https:\/\/neuroft.com\/wp-content\/uploads\/male-physiotherapist-checking-woman-s-knee-mobility_23-2148780733.jpg","contentUrl":"https:\/\/neuroft.com\/wp-content\/uploads\/male-physiotherapist-checking-woman-s-knee-mobility_23-2148780733.jpg","width":626,"height":417},{"@type":"WebPage","@id":"https:\/\/neuroft.com\/en\/patient-regains-strength-and-mobility-in-the-legs\/#webpage","url":"https:\/\/neuroft.com\/en\/patient-regains-strength-and-mobility-in-the-legs\/","name":"Patient regains strength and mobility in the legs - Terapia F\u00edsica Costa Rica y Rehabilitaci\u00f3n Neurol\u00f3gica - Dra. Lisa Riggioni","isPartOf":{"@id":"http:\/\/gql.fus.mybluehost.me\/#website"},"primaryImageOfPage":{"@id":"https:\/\/neuroft.com\/en\/patient-regains-strength-and-mobility-in-the-legs\/#primaryimage"},"datePublished":"2019-10-03T14:45:09+00:00","dateModified":"2021-06-04T04:48:04+00:00","author":{"@id":"http:\/\/gql.fus.mybluehost.me\/#\/schema\/person\/46927380553212f033956c5b243704d7"},"breadcrumb":{"@id":"https:\/\/neuroft.com\/en\/patient-regains-strength-and-mobility-in-the-legs\/#breadcrumb"},"inLanguage":"en-US","potentialAction":[{"@type":"ReadAction","target":["https:\/\/neuroft.com\/en\/patient-regains-strength-and-mobility-in-the-legs\/"]}]},{"@type":"BreadcrumbList","@id":"https:\/\/neuroft.com\/en\/patient-regains-strength-and-mobility-in-the-legs\/#breadcrumb","itemListElement":[{"@type":"ListItem","position":1,"name":"Portada","item":"http:\/\/gql.fus.mybluehost.me\/en\/"},{"@type":"ListItem","position":2,"name":"Patient regains strength and mobility in the legs"}]},{"@type":"Person","@id":"http:\/\/gql.fus.mybluehost.me\/#\/schema\/person\/46927380553212f033956c5b243704d7","name":"neuroftc","image":{"@type":"ImageObject","@id":"http:\/\/gql.fus.mybluehost.me\/#personlogo","inLanguage":"en-US","url":"https:\/\/secure.gravatar.com\/avatar\/a7cd138a218530522447756e2cc62593?s=96&d=mm&r=g","contentUrl":"https:\/\/secure.gravatar.com\/avatar\/a7cd138a218530522447756e2cc62593?s=96&d=mm&r=g","caption":"neuroftc"},"url":"https:\/\/neuroft.com\/en\/author\/admin\/"}]}},"_links":{"self":[{"href":"https:\/\/neuroft.com\/en\/wp-json\/wp\/v2\/posts\/6861"}],"collection":[{"href":"https:\/\/neuroft.com\/en\/wp-json\/wp\/v2\/posts"}],"about":[{"href":"https:\/\/neuroft.com\/en\/wp-json\/wp\/v2\/types\/post"}],"author":[{"embeddable":true,"href":"https:\/\/neuroft.com\/en\/wp-json\/wp\/v2\/users\/1"}],"replies":[{"embeddable":true,"href":"https:\/\/neuroft.com\/en\/wp-json\/wp\/v2\/comments?post=6861"}],"version-history":[{"count":2,"href":"https:\/\/neuroft.com\/en\/wp-json\/wp\/v2\/posts\/6861\/revisions"}],"predecessor-version":[{"id":7899,"href":"https:\/\/neuroft.com\/en\/wp-json\/wp\/v2\/posts\/6861\/revisions\/7899"}],"wp:featuredmedia":[{"embeddable":true,"href":"https:\/\/neuroft.com\/en\/wp-json\/wp\/v2\/media\/7502"}],"wp:attachment":[{"href":"https:\/\/neuroft.com\/en\/wp-json\/wp\/v2\/media?parent=6861"}],"wp:term":[{"taxonomy":"category","embeddable":true,"href":"https:\/\/neuroft.com\/en\/wp-json\/wp\/v2\/categories?post=6861"},{"taxonomy":"post_tag","embeddable":true,"href":"https:\/\/neuroft.com\/en\/wp-json\/wp\/v2\/tags?post=6861"}],"curies":[{"name":"wp","href":"https:\/\/api.w.org\/{rel}","templated":true}]}}